{"id":9829,"date":"2026-01-27T09:17:59","date_gmt":"2026-01-27T08:17:59","guid":{"rendered":"https:\/\/www.motoco.fr\/actualites\/gabrielle-alexandre-arrive-a-motoco-2\/"},"modified":"2026-03-12T16:18:37","modified_gmt":"2026-03-12T15:18:37","slug":"gabrielle-alexandre-arrives-at-motoco","status":"publish","type":"post","link":"https:\/\/www.motoco.fr\/en\/news\/gabrielle-alexandre-arrives-at-motoco\/","title":{"rendered":"Gabrielle Alexandre arrives at Motoco !"},"content":{"rendered":"<div class=\"flex h-svh w-screen flex-col\">\n<div class=\"relative z-0 flex min-h-0 w-full flex-1\">\n<div class=\"relative flex min-h-0 w-full flex-1\">\n<div class=\"@container\/main relative flex min-w-0 flex-1 flex-col -translate-y-[calc(env(safe-area-inset-bottom,0px)\/2)] pt-[calc(env(safe-area-inset-bottom,0px)\/2)]\">\n<div class=\"@w-sm\/main:[scrollbar-gutter:stable_both-edges] touch:[scrollbar-width:none] relative flex min-h-0 min-w-0 flex-1 flex-col [scrollbar-gutter:stable] not-print:overflow-x-clip not-print:overflow-y-auto scroll-pt-(--header-height) [--sticky-padding-top:var(--header-height)] has-data-[fixed-header=less-than-xl]:@w-xl\/main:scroll-pt-0 has-data-[fixed-header=less-than-xl]:@w-xl\/main:[--sticky-padding-top:0px] has-data-[fixed-header=less-than-xxl]:@w-2xl\/main:scroll-pt-0 has-data-[fixed-header=less-than-xxl]:@w-2xl\/main:[--sticky-padding-top:0px]\" data-scroll-root=\"\">\n<p><span style=\"font-size: inherit;\">At the beginning of 2026, several new residents are arriving at Motoco.<\/span><\/p>\n<div id=\"thread\" class=\"group\/thread flex flex-col min-h-full\">\n<div class=\"composer-parent flex flex-1 flex-col focus-visible:outline-0\" role=\"presentation\">\n<div class=\"relative basis-auto flex-col -mb-(--composer-overlap-px) [--composer-overlap-px:28px] grow flex\">\n<div class=\"flex flex-col text-sm pb-25\">\n<article class=\"text-token-text-primary w-full focus:outline-none [--shadow-height:45px] has-data-writing-block:pointer-events-none has-data-writing-block:-mt-(--shadow-height) has-data-writing-block:pt-(--shadow-height) [&amp;:has([data-writing-block])&gt;*]:pointer-events-auto scroll-mt-[calc(var(--header-height)+min(200px,max(70px,20svh)))]\" dir=\"auto\" tabindex=\"-1\" data-turn-id=\"request-WEB:e90af1f6-e728-4646-bbd0-fed3c83a94c3-326\" data-testid=\"conversation-turn-214\" data-scroll-anchor=\"true\" data-turn=\"assistant\">\n<div class=\"text-base my-auto mx-auto pb-10 [--thread-content-margin:--spacing(4)] @w-sm\/main:[--thread-content-margin:--spacing(6)] @w-lg\/main:[--thread-content-margin:--spacing(16)] px-(--thread-content-margin)\">\n<div class=\"[--thread-content-max-width:40rem] @w-lg\/main:[--thread-content-max-width:48rem] mx-auto max-w-(--thread-content-max-width) flex-1 group\/turn-messages focus-visible:outline-hidden relative flex w-full min-w-0 flex-col agent-turn\" tabindex=\"-1\">\n<div class=\"flex max-w-full flex-col grow\">\n<div class=\"min-h-8 text-message relative flex w-full flex-col items-end gap-2 text-start break-words whitespace-normal [.text-message+&amp;]:mt-1\" dir=\"auto\" data-message-author-role=\"assistant\" data-message-id=\"b35feadc-4322-488a-8ccf-bf9d30b44275\" data-message-model-slug=\"gpt-5-2\">\n<div class=\"flex w-full flex-col gap-1 empty:hidden first:pt-[1px]\">\n<div class=\"markdown prose dark:prose-invert w-full wrap-break-word dark markdown-new-styling\">\n<p data-start=\"73\" data-end=\"517\">Through her installations, Gabrielle takes us on a journey across landscapes\u2014a subtle blend of her own origins and those of tales and legends. From her native Franche-Comt\u00e9, she draws endless inspiration. There, she finds rich stories passed down through generations, sometimes transformed by time, often magical, always meaningful. In her research, Gabrielle focuses on feminist adventures\u2014stories of powerful, salvational, and creative women.<\/p>\n<p data-start=\"519\" data-end=\"652\">These fictions do not seek to denounce but rather to build new narratives. A richness that nourishes us, a guide for our own stories.<\/p>\n<p data-start=\"654\" data-end=\"793\">These restorative fictions are numerous in rural legends. They break free from the codes of the urban bourgeoisie to create their own path.<\/p>\n<p data-start=\"795\" data-end=\"863\">A path that Gabrielle eagerly explores in order to share it with us.<\/p>\n<p data-start=\"865\" data-end=\"1227\">At the beginning of her work, her worlds were made up of magical, fairy-like settings. Gradually, different characters came to inhabit these universes\u2014women, fairies\u2014essential to their environment, essential to life. Some possess magical powers, all are extraordinarily strong and deeply human. They are the reason for life, survival, and everything around them.<\/p>\n<p data-start=\"1229\" data-end=\"1423\">Gabrielle uses drawing, sculpture, video, and papier-m\u00e2ch\u00e9 to stage her stories. The landscapes change, the characters evolve. The giant dolls that inhabit her installations transform\u2014they live.<\/p>\n<p data-start=\"1425\" data-end=\"1590\">Most of Gabrielle\u2019s creations come from domestic materials. She creates with what she has, what we all have. Simple tools that gain nobility through her perspective.<\/p>\n<p data-start=\"1592\" data-end=\"1688\">She is currently researching the ideal papier-m\u00e2ch\u00e9 recipe to explore new textures and new uses.<\/p>\n<p data-start=\"1690\" data-end=\"2014\">At Motoco, she shares a studio with Cl\u00e9mence Bruno (whom we will introduce soon). After several years in Marseille, this new space allows her to take the time needed for technical experimentation\u2014but not only that. It also allows her to reconnect physically with her main source of inspiration: Haute-Sa\u00f4ne, her Haute-Sa\u00f4ne.<\/p>\n<p data-start=\"2016\" data-end=\"2142\">Gabrielle is currently exhibiting in Aix-en-Provence at the Ars Longa gallery alongside Cl\u00e9mence Bruno and S\u00e9v\u00e9rina Ianakieva.<\/p>\n<\/div>\n<\/div>\n<\/div>\n<\/div>\n<\/div>\n<\/div>\n<\/article>\n<\/div>\n<\/div>\n<\/div>\n<\/div>\n<p>&nbsp;<\/p>\n<\/div>\n<\/div>\n<\/div>\n<\/div>\n<\/div>\n<p>&nbsp;<\/p>\n<p>&nbsp;<\/p>\n<p>Cr\u00e9dits photos :<br \/>\n&#8220;Bonnie&#8221; par Gabrielle Alexandre<br \/>\nPhoto of the film \u00ab Celles qui Restent \u00bb, 2024, Antonin Vermot-Desroches<br \/>\nSculptures by Gabrielle Alexandre<br \/>\nPhoto of the film \u00ab L\u2019enfant \u00e0 la Main Verte \u00bb, 2025, Esteban Millet.<\/p>\n","protected":false},"excerpt":{"rendered":"<p>At the beginning of 2026, several new residents are arriving at Motoco. Through her installations, Gabrielle takes us on a journey across landscapes\u2014a subtle blend of her own origins and [&hellip;]<\/p>\n","protected":false},"author":83,"featured_media":9486,"comment_status":"closed","ping_status":"closed","sticky":false,"template":"","format":"standard","meta":{"_acf_changed":false,"footnotes":""},"categories":[2],"tags":[],"class_list":["post-9829","post","type-post","status-publish","format-standard","has-post-thumbnail","hentry","category-news","wp-sticky"],"acf":[],"yoast_head":"<!-- This site is optimized with the Yoast SEO plugin v27.4 - https:\/\/yoast.com\/product\/yoast-seo-wordpress\/ -->\n<title>Gabrielle Alexandre arrives at Motoco !<\/title>\n<meta name=\"robots\" content=\"index, follow, max-snippet:-1, max-image-preview:large, max-video-preview:-1\" \/>\n<link rel=\"canonical\" href=\"https:\/\/www.motoco.fr\/en\/news\/gabrielle-alexandre-arrives-at-motoco\/\" \/>\n<meta property=\"og:locale\" content=\"en_US\" \/>\n<meta property=\"og:type\" content=\"article\" \/>\n<meta property=\"og:title\" content=\"Gabrielle Alexandre arrives at Motoco !\" \/>\n<meta property=\"og:description\" content=\"At the beginning of 2026, several new residents are arriving at Motoco. Through her installations, Gabrielle takes us on a journey across landscapes\u2014a subtle blend of her own origins and [&hellip;]\" \/>\n<meta property=\"og:url\" content=\"https:\/\/www.motoco.fr\/en\/news\/gabrielle-alexandre-arrives-at-motoco\/\" \/>\n<meta property=\"og:site_name\" content=\"motoco\" \/>\n<meta property=\"article:publisher\" content=\"https:\/\/www.facebook.com\/pg\/motocoandco\" \/>\n<meta property=\"article:published_time\" content=\"2026-01-27T08:17:59+00:00\" \/>\n<meta property=\"article:modified_time\" content=\"2026-03-12T15:18:37+00:00\" \/>\n<meta property=\"og:image\" content=\"https:\/\/www.motoco.fr\/wp-inside\/uploads\/2026\/01\/fichier-1.png\" \/>\n\t<meta property=\"og:image:width\" content=\"2000\" \/>\n\t<meta property=\"og:image:height\" content=\"1967\" \/>\n\t<meta property=\"og:image:type\" content=\"image\/png\" \/>\n<meta name=\"author\" content=\"Achille Zussy\" \/>\n<meta name=\"twitter:card\" content=\"summary_large_image\" \/>\n<meta name=\"twitter:label1\" content=\"Written by\" \/>\n\t<meta name=\"twitter:data1\" content=\"Achille Zussy\" \/>\n\t<meta name=\"twitter:label2\" content=\"Est. reading time\" \/>\n\t<meta name=\"twitter:data2\" content=\"2 minutes\" \/>\n<script type=\"application\/ld+json\" class=\"yoast-schema-graph\">{\"@context\":\"https:\\\/\\\/schema.org\",\"@graph\":[{\"@type\":\"Article\",\"@id\":\"https:\\\/\\\/www.motoco.fr\\\/en\\\/news\\\/gabrielle-alexandre-arrives-at-motoco\\\/#article\",\"isPartOf\":{\"@id\":\"https:\\\/\\\/www.motoco.fr\\\/en\\\/news\\\/gabrielle-alexandre-arrives-at-motoco\\\/\"},\"author\":{\"name\":\"Achille Zussy\",\"@id\":\"https:\\\/\\\/www.motoco.fr\\\/en\\\/#\\\/schema\\\/person\\\/9800ced359cf9f8243471047b9d2e06b\"},\"headline\":\"Gabrielle Alexandre arrives at Motoco !\",\"datePublished\":\"2026-01-27T08:17:59+00:00\",\"dateModified\":\"2026-03-12T15:18:37+00:00\",\"mainEntityOfPage\":{\"@id\":\"https:\\\/\\\/www.motoco.fr\\\/en\\\/news\\\/gabrielle-alexandre-arrives-at-motoco\\\/\"},\"wordCount\":374,\"image\":{\"@id\":\"https:\\\/\\\/www.motoco.fr\\\/en\\\/news\\\/gabrielle-alexandre-arrives-at-motoco\\\/#primaryimage\"},\"thumbnailUrl\":\"https:\\\/\\\/www.motoco.fr\\\/wp-inside\\\/uploads\\\/2026\\\/01\\\/fichier-1.png\",\"articleSection\":[\"News\"],\"inLanguage\":\"en-US\"},{\"@type\":\"WebPage\",\"@id\":\"https:\\\/\\\/www.motoco.fr\\\/en\\\/news\\\/gabrielle-alexandre-arrives-at-motoco\\\/\",\"url\":\"https:\\\/\\\/www.motoco.fr\\\/en\\\/news\\\/gabrielle-alexandre-arrives-at-motoco\\\/\",\"name\":\"Gabrielle Alexandre arrives at Motoco !\",\"isPartOf\":{\"@id\":\"https:\\\/\\\/www.motoco.fr\\\/en\\\/#website\"},\"primaryImageOfPage\":{\"@id\":\"https:\\\/\\\/www.motoco.fr\\\/en\\\/news\\\/gabrielle-alexandre-arrives-at-motoco\\\/#primaryimage\"},\"image\":{\"@id\":\"https:\\\/\\\/www.motoco.fr\\\/en\\\/news\\\/gabrielle-alexandre-arrives-at-motoco\\\/#primaryimage\"},\"thumbnailUrl\":\"https:\\\/\\\/www.motoco.fr\\\/wp-inside\\\/uploads\\\/2026\\\/01\\\/fichier-1.png\",\"datePublished\":\"2026-01-27T08:17:59+00:00\",\"dateModified\":\"2026-03-12T15:18:37+00:00\",\"author\":{\"@id\":\"https:\\\/\\\/www.motoco.fr\\\/en\\\/#\\\/schema\\\/person\\\/9800ced359cf9f8243471047b9d2e06b\"},\"breadcrumb\":{\"@id\":\"https:\\\/\\\/www.motoco.fr\\\/en\\\/news\\\/gabrielle-alexandre-arrives-at-motoco\\\/#breadcrumb\"},\"inLanguage\":\"en-US\",\"potentialAction\":[{\"@type\":\"ReadAction\",\"target\":[\"https:\\\/\\\/www.motoco.fr\\\/en\\\/news\\\/gabrielle-alexandre-arrives-at-motoco\\\/\"]}]},{\"@type\":\"ImageObject\",\"inLanguage\":\"en-US\",\"@id\":\"https:\\\/\\\/www.motoco.fr\\\/en\\\/news\\\/gabrielle-alexandre-arrives-at-motoco\\\/#primaryimage\",\"url\":\"https:\\\/\\\/www.motoco.fr\\\/wp-inside\\\/uploads\\\/2026\\\/01\\\/fichier-1.png\",\"contentUrl\":\"https:\\\/\\\/www.motoco.fr\\\/wp-inside\\\/uploads\\\/2026\\\/01\\\/fichier-1.png\",\"width\":2000,\"height\":1967},{\"@type\":\"BreadcrumbList\",\"@id\":\"https:\\\/\\\/www.motoco.fr\\\/en\\\/news\\\/gabrielle-alexandre-arrives-at-motoco\\\/#breadcrumb\",\"itemListElement\":[{\"@type\":\"ListItem\",\"position\":1,\"name\":\"Home\",\"item\":\"https:\\\/\\\/www.motoco.fr\\\/en\\\/\"},{\"@type\":\"ListItem\",\"position\":2,\"name\":\"News\",\"item\":\"https:\\\/\\\/www.motoco.fr\\\/en\\\/news\\\/\"},{\"@type\":\"ListItem\",\"position\":3,\"name\":\"Gabrielle Alexandre arrives at Motoco !\"}]},{\"@type\":\"WebSite\",\"@id\":\"https:\\\/\\\/www.motoco.fr\\\/en\\\/#website\",\"url\":\"https:\\\/\\\/www.motoco.fr\\\/en\\\/\",\"name\":\"motoco\",\"description\":\"More to come\",\"potentialAction\":[{\"@type\":\"SearchAction\",\"target\":{\"@type\":\"EntryPoint\",\"urlTemplate\":\"https:\\\/\\\/www.motoco.fr\\\/en\\\/?s={search_term_string}\"},\"query-input\":{\"@type\":\"PropertyValueSpecification\",\"valueRequired\":true,\"valueName\":\"search_term_string\"}}],\"inLanguage\":\"en-US\"},{\"@type\":\"Person\",\"@id\":\"https:\\\/\\\/www.motoco.fr\\\/en\\\/#\\\/schema\\\/person\\\/9800ced359cf9f8243471047b9d2e06b\",\"name\":\"Achille Zussy\",\"image\":{\"@type\":\"ImageObject\",\"inLanguage\":\"en-US\",\"@id\":\"https:\\\/\\\/secure.gravatar.com\\\/avatar\\\/aa0ef1c08754400e8c611d9f76a79c1abe7aac5e3155b0908555ae098fce0a9f?s=96&d=mm&r=g\",\"url\":\"https:\\\/\\\/secure.gravatar.com\\\/avatar\\\/aa0ef1c08754400e8c611d9f76a79c1abe7aac5e3155b0908555ae098fce0a9f?s=96&d=mm&r=g\",\"contentUrl\":\"https:\\\/\\\/secure.gravatar.com\\\/avatar\\\/aa0ef1c08754400e8c611d9f76a79c1abe7aac5e3155b0908555ae098fce0a9f?s=96&d=mm&r=g\",\"caption\":\"Achille Zussy\"}}]}<\/script>\n<!-- \/ Yoast SEO plugin. -->","yoast_head_json":{"title":"Gabrielle Alexandre arrives at Motoco !","robots":{"index":"index","follow":"follow","max-snippet":"max-snippet:-1","max-image-preview":"max-image-preview:large","max-video-preview":"max-video-preview:-1"},"canonical":"https:\/\/www.motoco.fr\/en\/news\/gabrielle-alexandre-arrives-at-motoco\/","og_locale":"en_US","og_type":"article","og_title":"Gabrielle Alexandre arrives at Motoco !","og_description":"At the beginning of 2026, several new residents are arriving at Motoco. Through her installations, Gabrielle takes us on a journey across landscapes\u2014a subtle blend of her own origins and [&hellip;]","og_url":"https:\/\/www.motoco.fr\/en\/news\/gabrielle-alexandre-arrives-at-motoco\/","og_site_name":"motoco","article_publisher":"https:\/\/www.facebook.com\/pg\/motocoandco","article_published_time":"2026-01-27T08:17:59+00:00","article_modified_time":"2026-03-12T15:18:37+00:00","og_image":[{"width":2000,"height":1967,"url":"https:\/\/www.motoco.fr\/wp-inside\/uploads\/2026\/01\/fichier-1.png","type":"image\/png"}],"author":"Achille Zussy","twitter_card":"summary_large_image","twitter_misc":{"Written by":"Achille Zussy","Est. reading time":"2 minutes"},"schema":{"@context":"https:\/\/schema.org","@graph":[{"@type":"Article","@id":"https:\/\/www.motoco.fr\/en\/news\/gabrielle-alexandre-arrives-at-motoco\/#article","isPartOf":{"@id":"https:\/\/www.motoco.fr\/en\/news\/gabrielle-alexandre-arrives-at-motoco\/"},"author":{"name":"Achille Zussy","@id":"https:\/\/www.motoco.fr\/en\/#\/schema\/person\/9800ced359cf9f8243471047b9d2e06b"},"headline":"Gabrielle Alexandre arrives at Motoco !","datePublished":"2026-01-27T08:17:59+00:00","dateModified":"2026-03-12T15:18:37+00:00","mainEntityOfPage":{"@id":"https:\/\/www.motoco.fr\/en\/news\/gabrielle-alexandre-arrives-at-motoco\/"},"wordCount":374,"image":{"@id":"https:\/\/www.motoco.fr\/en\/news\/gabrielle-alexandre-arrives-at-motoco\/#primaryimage"},"thumbnailUrl":"https:\/\/www.motoco.fr\/wp-inside\/uploads\/2026\/01\/fichier-1.png","articleSection":["News"],"inLanguage":"en-US"},{"@type":"WebPage","@id":"https:\/\/www.motoco.fr\/en\/news\/gabrielle-alexandre-arrives-at-motoco\/","url":"https:\/\/www.motoco.fr\/en\/news\/gabrielle-alexandre-arrives-at-motoco\/","name":"Gabrielle Alexandre arrives at Motoco !","isPartOf":{"@id":"https:\/\/www.motoco.fr\/en\/#website"},"primaryImageOfPage":{"@id":"https:\/\/www.motoco.fr\/en\/news\/gabrielle-alexandre-arrives-at-motoco\/#primaryimage"},"image":{"@id":"https:\/\/www.motoco.fr\/en\/news\/gabrielle-alexandre-arrives-at-motoco\/#primaryimage"},"thumbnailUrl":"https:\/\/www.motoco.fr\/wp-inside\/uploads\/2026\/01\/fichier-1.png","datePublished":"2026-01-27T08:17:59+00:00","dateModified":"2026-03-12T15:18:37+00:00","author":{"@id":"https:\/\/www.motoco.fr\/en\/#\/schema\/person\/9800ced359cf9f8243471047b9d2e06b"},"breadcrumb":{"@id":"https:\/\/www.motoco.fr\/en\/news\/gabrielle-alexandre-arrives-at-motoco\/#breadcrumb"},"inLanguage":"en-US","potentialAction":[{"@type":"ReadAction","target":["https:\/\/www.motoco.fr\/en\/news\/gabrielle-alexandre-arrives-at-motoco\/"]}]},{"@type":"ImageObject","inLanguage":"en-US","@id":"https:\/\/www.motoco.fr\/en\/news\/gabrielle-alexandre-arrives-at-motoco\/#primaryimage","url":"https:\/\/www.motoco.fr\/wp-inside\/uploads\/2026\/01\/fichier-1.png","contentUrl":"https:\/\/www.motoco.fr\/wp-inside\/uploads\/2026\/01\/fichier-1.png","width":2000,"height":1967},{"@type":"BreadcrumbList","@id":"https:\/\/www.motoco.fr\/en\/news\/gabrielle-alexandre-arrives-at-motoco\/#breadcrumb","itemListElement":[{"@type":"ListItem","position":1,"name":"Home","item":"https:\/\/www.motoco.fr\/en\/"},{"@type":"ListItem","position":2,"name":"News","item":"https:\/\/www.motoco.fr\/en\/news\/"},{"@type":"ListItem","position":3,"name":"Gabrielle Alexandre arrives at Motoco !"}]},{"@type":"WebSite","@id":"https:\/\/www.motoco.fr\/en\/#website","url":"https:\/\/www.motoco.fr\/en\/","name":"motoco","description":"More to come","potentialAction":[{"@type":"SearchAction","target":{"@type":"EntryPoint","urlTemplate":"https:\/\/www.motoco.fr\/en\/?s={search_term_string}"},"query-input":{"@type":"PropertyValueSpecification","valueRequired":true,"valueName":"search_term_string"}}],"inLanguage":"en-US"},{"@type":"Person","@id":"https:\/\/www.motoco.fr\/en\/#\/schema\/person\/9800ced359cf9f8243471047b9d2e06b","name":"Achille Zussy","image":{"@type":"ImageObject","inLanguage":"en-US","@id":"https:\/\/secure.gravatar.com\/avatar\/aa0ef1c08754400e8c611d9f76a79c1abe7aac5e3155b0908555ae098fce0a9f?s=96&d=mm&r=g","url":"https:\/\/secure.gravatar.com\/avatar\/aa0ef1c08754400e8c611d9f76a79c1abe7aac5e3155b0908555ae098fce0a9f?s=96&d=mm&r=g","contentUrl":"https:\/\/secure.gravatar.com\/avatar\/aa0ef1c08754400e8c611d9f76a79c1abe7aac5e3155b0908555ae098fce0a9f?s=96&d=mm&r=g","caption":"Achille Zussy"}}]}},"_links":{"self":[{"href":"https:\/\/www.motoco.fr\/en\/wp-json\/wp\/v2\/posts\/9829","targetHints":{"allow":["GET"]}}],"collection":[{"href":"https:\/\/www.motoco.fr\/en\/wp-json\/wp\/v2\/posts"}],"about":[{"href":"https:\/\/www.motoco.fr\/en\/wp-json\/wp\/v2\/types\/post"}],"author":[{"embeddable":true,"href":"https:\/\/www.motoco.fr\/en\/wp-json\/wp\/v2\/users\/83"}],"replies":[{"embeddable":true,"href":"https:\/\/www.motoco.fr\/en\/wp-json\/wp\/v2\/comments?post=9829"}],"version-history":[{"count":3,"href":"https:\/\/www.motoco.fr\/en\/wp-json\/wp\/v2\/posts\/9829\/revisions"}],"predecessor-version":[{"id":9832,"href":"https:\/\/www.motoco.fr\/en\/wp-json\/wp\/v2\/posts\/9829\/revisions\/9832"}],"wp:featuredmedia":[{"embeddable":true,"href":"https:\/\/www.motoco.fr\/en\/wp-json\/wp\/v2\/media\/9486"}],"wp:attachment":[{"href":"https:\/\/www.motoco.fr\/en\/wp-json\/wp\/v2\/media?parent=9829"}],"wp:term":[{"taxonomy":"category","embeddable":true,"href":"https:\/\/www.motoco.fr\/en\/wp-json\/wp\/v2\/categories?post=9829"},{"taxonomy":"post_tag","embeddable":true,"href":"https:\/\/www.motoco.fr\/en\/wp-json\/wp\/v2\/tags?post=9829"}],"curies":[{"name":"wp","href":"https:\/\/api.w.org\/{rel}","templated":true}]}}