{"id":9799,"date":"2025-06-09T12:36:54","date_gmt":"2025-06-09T10:36:54","guid":{"rendered":"https:\/\/www.motoco.fr\/actualites\/parler-de-son-travail-sebastien-weill-2\/"},"modified":"2025-06-09T12:36:54","modified_gmt":"2025-06-09T10:36:54","slug":"parler-de-son-travail-sebastien-weill","status":"publish","type":"post","link":"https:\/\/www.motoco.fr\/en\/news\/parler-de-son-travail-sebastien-weill\/","title":{"rendered":"Parler de son travail &#8211; S\u00e9bastien Weill"},"content":{"rendered":"<p><img decoding=\"async\" src=\"https:\/\/www.motoco.fr\/wp-inside\/uploads\/2025\/10\/fichier-2@3x.png\" class=\"alignnone size-full\" \/>Dans le cadre du programme sous-couches soutenu par le Minist\u00e8re de la Culture, motoco accueille : S\u00e9bastien Weill.<\/p>\n<p>&nbsp;<\/p>\n<h4><b>\u00c0 travers 6 s\u00e9ances de formation, il viendra apporter des cl\u00e9s pour &#8220;parler de son travail&#8221; <\/b><b>\u00e0 motoco.<\/b><\/h4>\n<h4>La premi\u00e8re s\u00e9ance aura lieu le 23 juin de 16h \u00e0 19h.<\/h4>\n<p>&nbsp;<\/p>\n<p>S\u00e9bastien Weill est consultant depuis 2004 et dirigeant du cabinet Relayance depuis 10 ans. Auparavant, il a travaill\u00e9 pour le compte d\u2019une collectivit\u00e9 territoriale en tant que charg\u00e9 de mission sur les questions de d\u00e9mocratie participative et de violences urbaines. Il intervient dans des contextes vari\u00e9s (grands groupes, PME, coop\u00e9ratives, associations, collectivit\u00e9s)<span class=\"Apple-converted-space\">\u00a0 <\/span>et avec un public large (dirigeants, managers, enseignants, \u00e9ducateurs, professions lib\u00e9rales, etc.) . Il m\u00e8ne et\/ou supervise r\u00e9guli\u00e8rement des missions d\u2019accompagnement au changement, de coaching individuel ou coaching d\u2019\u00e9quipe, et de formation dans le domaine des relations humaines au sens large et du leadership plus singuli\u00e8rement. En parall\u00e8le, Il pratique depuis 10 ans en tant que psychoth\u00e9rapeute.<span class=\"Apple-converted-space\">\u00a0<\/span><\/p>\n<p>&nbsp;<\/p>\n<h4><b>Contexte<span class=\"Apple-converted-space\">\u00a0 <\/span>:<\/b><\/h4>\n<p>Construit sur 6 demi journ\u00e9es, cette formation vous permet de<span class=\"Apple-converted-space\">\u00a0<\/span><\/p>\n<p>&#8211; mettre \u00e0 jour les limitations (cognitives, \u00e9motionnelles et\/ou comportementales et ouvrir des alternatives qui aident \u00e0 la croissance de son activit\u00e9 en tant qu\u2019artiste)<\/p>\n<p>&#8211; offrir un espace de soutien et d\u2019enrichissement mutuel<\/p>\n<p>&#8211; aider \u00e0 d\u00e9ployer de nouvelles pratiques commerciales et relationnelles<\/p>\n<p>Diff\u00e9rentes approches qui visent \u00e0 favoriser l\u2019intelligence collective (partage d\u2019exp\u00e9rience, cod\u00e9veloppement, coaching en groupe, mise en situation, introspection sensorielle, etc. ) pourront \u00eatre \u00e9prouv\u00e9es et elles seront choisies en fonction de la nature des probl\u00e9matiques soulev\u00e9es, de la dynamique du groupe et des vell\u00e9it\u00e9s\/d\u00e9sires de chacun.<span class=\"Apple-converted-space\">\u00a0<\/span><\/p>\n<p>Une premi\u00e8re s\u00e9ance de 3h est pr\u00e9vue \u00e0 motoco le 19 mai. Elle sera suivie de 5 autres s\u00e9ances, une par mois, et se d\u00e9rouleront dans les locaux du cabinet \u00abRelayance\u00bb (12bis rue de la Sinne \u00e0 Mulhouse). Les dates de ces s\u00e9ances seront fix\u00e9es avec les participants.<\/p>\n<h4><\/h4>\n<h4><b>Informations pratiques :<\/b><\/h4>\n<p><b>Lieu : motoco &#8211; 11 Rue des Brodeuses \u00e0 Mulhouse- Petite salle du RDC puis les locaux de Relayance<\/b><\/p>\n<p><b>Tarif : gratuit pour les r\u00e9sidents.es de motoco, les adh\u00e9rents.es de Plan d\u2019Est et les \u00e9tudiants.es de la Hear &#8211; 20 euros TTC pour 6 sessions pour les artistes ext\u00e9rieurs.es<\/b><\/p>\n<p><b>R\u00e9servation en ligne n\u00e9cessaire<\/b><\/p>\n<p><img decoding=\"async\" src=\"https:\/\/www.motoco.fr\/wp-inside\/uploads\/2025\/06\/logo-ministere-de-la-culture-300x228.jpg\" class=\"alignnone size-medium\" \/><\/p>\n","protected":false},"excerpt":{"rendered":"<p>Dans le cadre du programme sous-couches soutenu par le Minist\u00e8re de la Culture, motoco accueille : S\u00e9bastien Weill. &nbsp; \u00c0 travers 6 s\u00e9ances de formation, il viendra apporter des cl\u00e9s [&hellip;]<\/p>\n","protected":false},"author":83,"featured_media":9390,"comment_status":"closed","ping_status":"closed","sticky":false,"template":"","format":"standard","meta":{"_acf_changed":false,"footnotes":""},"categories":[2],"tags":[],"class_list":["post-9799","post","type-post","status-publish","format-standard","has-post-thumbnail","hentry","category-news","wp-sticky"],"acf":[],"yoast_head":"<!-- This site is optimized with the Yoast SEO plugin v27.4 - https:\/\/yoast.com\/product\/yoast-seo-wordpress\/ -->\n<title>Parler de son travail - S\u00e9bastien Weill<\/title>\n<meta name=\"robots\" content=\"index, follow, max-snippet:-1, max-image-preview:large, max-video-preview:-1\" \/>\n<link rel=\"canonical\" href=\"https:\/\/www.motoco.fr\/en\/news\/parler-de-son-travail-sebastien-weill\/\" \/>\n<meta property=\"og:locale\" content=\"en_US\" \/>\n<meta property=\"og:type\" content=\"article\" \/>\n<meta property=\"og:title\" content=\"Parler de son travail - S\u00e9bastien Weill\" \/>\n<meta property=\"og:description\" content=\"Dans le cadre du programme sous-couches soutenu par le Minist\u00e8re de la Culture, motoco accueille : S\u00e9bastien Weill. &nbsp; \u00c0 travers 6 s\u00e9ances de formation, il viendra apporter des cl\u00e9s [&hellip;]\" \/>\n<meta property=\"og:url\" content=\"https:\/\/www.motoco.fr\/en\/news\/parler-de-son-travail-sebastien-weill\/\" \/>\n<meta property=\"og:site_name\" content=\"motoco\" \/>\n<meta property=\"article:publisher\" content=\"https:\/\/www.facebook.com\/pg\/motocoandco\" \/>\n<meta property=\"article:published_time\" content=\"2025-06-09T10:36:54+00:00\" \/>\n<meta property=\"og:image\" content=\"https:\/\/www.motoco.fr\/wp-inside\/uploads\/2025\/10\/fichier-2@3x.png\" \/>\n<meta name=\"author\" content=\"Achille Zussy\" \/>\n<meta name=\"twitter:card\" content=\"summary_large_image\" \/>\n<meta name=\"twitter:label1\" content=\"Written by\" \/>\n\t<meta name=\"twitter:data1\" content=\"Achille Zussy\" \/>\n\t<meta name=\"twitter:label2\" content=\"Est. reading time\" \/>\n\t<meta name=\"twitter:data2\" content=\"2 minutes\" \/>\n<script type=\"application\/ld+json\" class=\"yoast-schema-graph\">{\"@context\":\"https:\\\/\\\/schema.org\",\"@graph\":[{\"@type\":\"Article\",\"@id\":\"https:\\\/\\\/www.motoco.fr\\\/en\\\/news\\\/parler-de-son-travail-sebastien-weill\\\/#article\",\"isPartOf\":{\"@id\":\"https:\\\/\\\/www.motoco.fr\\\/en\\\/news\\\/parler-de-son-travail-sebastien-weill\\\/\"},\"author\":{\"name\":\"Achille Zussy\",\"@id\":\"https:\\\/\\\/www.motoco.fr\\\/en\\\/#\\\/schema\\\/person\\\/9800ced359cf9f8243471047b9d2e06b\"},\"headline\":\"Parler de son travail &#8211; S\u00e9bastien Weill\",\"datePublished\":\"2025-06-09T10:36:54+00:00\",\"mainEntityOfPage\":{\"@id\":\"https:\\\/\\\/www.motoco.fr\\\/en\\\/news\\\/parler-de-son-travail-sebastien-weill\\\/\"},\"wordCount\":402,\"image\":{\"@id\":\"https:\\\/\\\/www.motoco.fr\\\/en\\\/news\\\/parler-de-son-travail-sebastien-weill\\\/#primaryimage\"},\"thumbnailUrl\":\"https:\\\/\\\/www.motoco.fr\\\/wp-inside\\\/uploads\\\/2025\\\/10\\\/b44864f8-125b-42fc-bd2c-f963e85f1356-3.jpg\",\"articleSection\":[\"News\"],\"inLanguage\":\"en-US\"},{\"@type\":\"WebPage\",\"@id\":\"https:\\\/\\\/www.motoco.fr\\\/en\\\/news\\\/parler-de-son-travail-sebastien-weill\\\/\",\"url\":\"https:\\\/\\\/www.motoco.fr\\\/en\\\/news\\\/parler-de-son-travail-sebastien-weill\\\/\",\"name\":\"Parler de son travail - S\u00e9bastien Weill\",\"isPartOf\":{\"@id\":\"https:\\\/\\\/www.motoco.fr\\\/en\\\/#website\"},\"primaryImageOfPage\":{\"@id\":\"https:\\\/\\\/www.motoco.fr\\\/en\\\/news\\\/parler-de-son-travail-sebastien-weill\\\/#primaryimage\"},\"image\":{\"@id\":\"https:\\\/\\\/www.motoco.fr\\\/en\\\/news\\\/parler-de-son-travail-sebastien-weill\\\/#primaryimage\"},\"thumbnailUrl\":\"https:\\\/\\\/www.motoco.fr\\\/wp-inside\\\/uploads\\\/2025\\\/10\\\/b44864f8-125b-42fc-bd2c-f963e85f1356-3.jpg\",\"datePublished\":\"2025-06-09T10:36:54+00:00\",\"author\":{\"@id\":\"https:\\\/\\\/www.motoco.fr\\\/en\\\/#\\\/schema\\\/person\\\/9800ced359cf9f8243471047b9d2e06b\"},\"breadcrumb\":{\"@id\":\"https:\\\/\\\/www.motoco.fr\\\/en\\\/news\\\/parler-de-son-travail-sebastien-weill\\\/#breadcrumb\"},\"inLanguage\":\"en-US\",\"potentialAction\":[{\"@type\":\"ReadAction\",\"target\":[\"https:\\\/\\\/www.motoco.fr\\\/en\\\/news\\\/parler-de-son-travail-sebastien-weill\\\/\"]}]},{\"@type\":\"ImageObject\",\"inLanguage\":\"en-US\",\"@id\":\"https:\\\/\\\/www.motoco.fr\\\/en\\\/news\\\/parler-de-son-travail-sebastien-weill\\\/#primaryimage\",\"url\":\"https:\\\/\\\/www.motoco.fr\\\/wp-inside\\\/uploads\\\/2025\\\/10\\\/b44864f8-125b-42fc-bd2c-f963e85f1356-3.jpg\",\"contentUrl\":\"https:\\\/\\\/www.motoco.fr\\\/wp-inside\\\/uploads\\\/2025\\\/10\\\/b44864f8-125b-42fc-bd2c-f963e85f1356-3.jpg\",\"width\":1200,\"height\":1600},{\"@type\":\"BreadcrumbList\",\"@id\":\"https:\\\/\\\/www.motoco.fr\\\/en\\\/news\\\/parler-de-son-travail-sebastien-weill\\\/#breadcrumb\",\"itemListElement\":[{\"@type\":\"ListItem\",\"position\":1,\"name\":\"Home\",\"item\":\"https:\\\/\\\/www.motoco.fr\\\/en\\\/\"},{\"@type\":\"ListItem\",\"position\":2,\"name\":\"News\",\"item\":\"https:\\\/\\\/www.motoco.fr\\\/en\\\/news\\\/\"},{\"@type\":\"ListItem\",\"position\":3,\"name\":\"Parler de son travail &#8211; S\u00e9bastien Weill\"}]},{\"@type\":\"WebSite\",\"@id\":\"https:\\\/\\\/www.motoco.fr\\\/en\\\/#website\",\"url\":\"https:\\\/\\\/www.motoco.fr\\\/en\\\/\",\"name\":\"motoco\",\"description\":\"More to come\",\"potentialAction\":[{\"@type\":\"SearchAction\",\"target\":{\"@type\":\"EntryPoint\",\"urlTemplate\":\"https:\\\/\\\/www.motoco.fr\\\/en\\\/?s={search_term_string}\"},\"query-input\":{\"@type\":\"PropertyValueSpecification\",\"valueRequired\":true,\"valueName\":\"search_term_string\"}}],\"inLanguage\":\"en-US\"},{\"@type\":\"Person\",\"@id\":\"https:\\\/\\\/www.motoco.fr\\\/en\\\/#\\\/schema\\\/person\\\/9800ced359cf9f8243471047b9d2e06b\",\"name\":\"Achille Zussy\",\"image\":{\"@type\":\"ImageObject\",\"inLanguage\":\"en-US\",\"@id\":\"https:\\\/\\\/secure.gravatar.com\\\/avatar\\\/aa0ef1c08754400e8c611d9f76a79c1abe7aac5e3155b0908555ae098fce0a9f?s=96&d=mm&r=g\",\"url\":\"https:\\\/\\\/secure.gravatar.com\\\/avatar\\\/aa0ef1c08754400e8c611d9f76a79c1abe7aac5e3155b0908555ae098fce0a9f?s=96&d=mm&r=g\",\"contentUrl\":\"https:\\\/\\\/secure.gravatar.com\\\/avatar\\\/aa0ef1c08754400e8c611d9f76a79c1abe7aac5e3155b0908555ae098fce0a9f?s=96&d=mm&r=g\",\"caption\":\"Achille Zussy\"}}]}<\/script>\n<!-- \/ Yoast SEO plugin. -->","yoast_head_json":{"title":"Parler de son travail - S\u00e9bastien Weill","robots":{"index":"index","follow":"follow","max-snippet":"max-snippet:-1","max-image-preview":"max-image-preview:large","max-video-preview":"max-video-preview:-1"},"canonical":"https:\/\/www.motoco.fr\/en\/news\/parler-de-son-travail-sebastien-weill\/","og_locale":"en_US","og_type":"article","og_title":"Parler de son travail - S\u00e9bastien Weill","og_description":"Dans le cadre du programme sous-couches soutenu par le Minist\u00e8re de la Culture, motoco accueille : S\u00e9bastien Weill. &nbsp; \u00c0 travers 6 s\u00e9ances de formation, il viendra apporter des cl\u00e9s [&hellip;]","og_url":"https:\/\/www.motoco.fr\/en\/news\/parler-de-son-travail-sebastien-weill\/","og_site_name":"motoco","article_publisher":"https:\/\/www.facebook.com\/pg\/motocoandco","article_published_time":"2025-06-09T10:36:54+00:00","og_image":[{"url":"https:\/\/www.motoco.fr\/wp-inside\/uploads\/2025\/10\/fichier-2@3x.png","type":"","width":"","height":""}],"author":"Achille Zussy","twitter_card":"summary_large_image","twitter_misc":{"Written by":"Achille Zussy","Est. reading time":"2 minutes"},"schema":{"@context":"https:\/\/schema.org","@graph":[{"@type":"Article","@id":"https:\/\/www.motoco.fr\/en\/news\/parler-de-son-travail-sebastien-weill\/#article","isPartOf":{"@id":"https:\/\/www.motoco.fr\/en\/news\/parler-de-son-travail-sebastien-weill\/"},"author":{"name":"Achille Zussy","@id":"https:\/\/www.motoco.fr\/en\/#\/schema\/person\/9800ced359cf9f8243471047b9d2e06b"},"headline":"Parler de son travail &#8211; S\u00e9bastien Weill","datePublished":"2025-06-09T10:36:54+00:00","mainEntityOfPage":{"@id":"https:\/\/www.motoco.fr\/en\/news\/parler-de-son-travail-sebastien-weill\/"},"wordCount":402,"image":{"@id":"https:\/\/www.motoco.fr\/en\/news\/parler-de-son-travail-sebastien-weill\/#primaryimage"},"thumbnailUrl":"https:\/\/www.motoco.fr\/wp-inside\/uploads\/2025\/10\/b44864f8-125b-42fc-bd2c-f963e85f1356-3.jpg","articleSection":["News"],"inLanguage":"en-US"},{"@type":"WebPage","@id":"https:\/\/www.motoco.fr\/en\/news\/parler-de-son-travail-sebastien-weill\/","url":"https:\/\/www.motoco.fr\/en\/news\/parler-de-son-travail-sebastien-weill\/","name":"Parler de son travail - S\u00e9bastien Weill","isPartOf":{"@id":"https:\/\/www.motoco.fr\/en\/#website"},"primaryImageOfPage":{"@id":"https:\/\/www.motoco.fr\/en\/news\/parler-de-son-travail-sebastien-weill\/#primaryimage"},"image":{"@id":"https:\/\/www.motoco.fr\/en\/news\/parler-de-son-travail-sebastien-weill\/#primaryimage"},"thumbnailUrl":"https:\/\/www.motoco.fr\/wp-inside\/uploads\/2025\/10\/b44864f8-125b-42fc-bd2c-f963e85f1356-3.jpg","datePublished":"2025-06-09T10:36:54+00:00","author":{"@id":"https:\/\/www.motoco.fr\/en\/#\/schema\/person\/9800ced359cf9f8243471047b9d2e06b"},"breadcrumb":{"@id":"https:\/\/www.motoco.fr\/en\/news\/parler-de-son-travail-sebastien-weill\/#breadcrumb"},"inLanguage":"en-US","potentialAction":[{"@type":"ReadAction","target":["https:\/\/www.motoco.fr\/en\/news\/parler-de-son-travail-sebastien-weill\/"]}]},{"@type":"ImageObject","inLanguage":"en-US","@id":"https:\/\/www.motoco.fr\/en\/news\/parler-de-son-travail-sebastien-weill\/#primaryimage","url":"https:\/\/www.motoco.fr\/wp-inside\/uploads\/2025\/10\/b44864f8-125b-42fc-bd2c-f963e85f1356-3.jpg","contentUrl":"https:\/\/www.motoco.fr\/wp-inside\/uploads\/2025\/10\/b44864f8-125b-42fc-bd2c-f963e85f1356-3.jpg","width":1200,"height":1600},{"@type":"BreadcrumbList","@id":"https:\/\/www.motoco.fr\/en\/news\/parler-de-son-travail-sebastien-weill\/#breadcrumb","itemListElement":[{"@type":"ListItem","position":1,"name":"Home","item":"https:\/\/www.motoco.fr\/en\/"},{"@type":"ListItem","position":2,"name":"News","item":"https:\/\/www.motoco.fr\/en\/news\/"},{"@type":"ListItem","position":3,"name":"Parler de son travail &#8211; S\u00e9bastien Weill"}]},{"@type":"WebSite","@id":"https:\/\/www.motoco.fr\/en\/#website","url":"https:\/\/www.motoco.fr\/en\/","name":"motoco","description":"More to come","potentialAction":[{"@type":"SearchAction","target":{"@type":"EntryPoint","urlTemplate":"https:\/\/www.motoco.fr\/en\/?s={search_term_string}"},"query-input":{"@type":"PropertyValueSpecification","valueRequired":true,"valueName":"search_term_string"}}],"inLanguage":"en-US"},{"@type":"Person","@id":"https:\/\/www.motoco.fr\/en\/#\/schema\/person\/9800ced359cf9f8243471047b9d2e06b","name":"Achille Zussy","image":{"@type":"ImageObject","inLanguage":"en-US","@id":"https:\/\/secure.gravatar.com\/avatar\/aa0ef1c08754400e8c611d9f76a79c1abe7aac5e3155b0908555ae098fce0a9f?s=96&d=mm&r=g","url":"https:\/\/secure.gravatar.com\/avatar\/aa0ef1c08754400e8c611d9f76a79c1abe7aac5e3155b0908555ae098fce0a9f?s=96&d=mm&r=g","contentUrl":"https:\/\/secure.gravatar.com\/avatar\/aa0ef1c08754400e8c611d9f76a79c1abe7aac5e3155b0908555ae098fce0a9f?s=96&d=mm&r=g","caption":"Achille Zussy"}}]}},"_links":{"self":[{"href":"https:\/\/www.motoco.fr\/en\/wp-json\/wp\/v2\/posts\/9799","targetHints":{"allow":["GET"]}}],"collection":[{"href":"https:\/\/www.motoco.fr\/en\/wp-json\/wp\/v2\/posts"}],"about":[{"href":"https:\/\/www.motoco.fr\/en\/wp-json\/wp\/v2\/types\/post"}],"author":[{"embeddable":true,"href":"https:\/\/www.motoco.fr\/en\/wp-json\/wp\/v2\/users\/83"}],"replies":[{"embeddable":true,"href":"https:\/\/www.motoco.fr\/en\/wp-json\/wp\/v2\/comments?post=9799"}],"version-history":[{"count":0,"href":"https:\/\/www.motoco.fr\/en\/wp-json\/wp\/v2\/posts\/9799\/revisions"}],"wp:featuredmedia":[{"embeddable":true,"href":"https:\/\/www.motoco.fr\/en\/wp-json\/wp\/v2\/media\/9390"}],"wp:attachment":[{"href":"https:\/\/www.motoco.fr\/en\/wp-json\/wp\/v2\/media?parent=9799"}],"wp:term":[{"taxonomy":"category","embeddable":true,"href":"https:\/\/www.motoco.fr\/en\/wp-json\/wp\/v2\/categories?post=9799"},{"taxonomy":"post_tag","embeddable":true,"href":"https:\/\/www.motoco.fr\/en\/wp-json\/wp\/v2\/tags?post=9799"}],"curies":[{"name":"wp","href":"https:\/\/api.w.org\/{rel}","templated":true}]}}